{"id":1,"name":"Colas","url":"","description":"<strong>L'Homme Colas<\/strong> est n\u00e9 \u00e0 Port-au-Prince un 5 janvier. Il est arriv\u00e9 au Qu\u00e9bec 16 jours apr\u00e8s le tremblement de terre qui a d\u00e9vast\u00e9 cette belle <em>terre de soleil et du sourire<\/em> le mardi 12 janvier 2010. Colas a \u00e9t\u00e9 depuis son adolescence un <strong>amoureux de la photo<\/strong>. Avec le temps, il est devenu un  chasseur d'images imp\u00e9nitent.","link":"https:\/\/espace-web.info\/colasphoto\/author\/cpp-galerie\/","slug":"cpp-galerie","avatar_urls":{"24":"https:\/\/secure.gravatar.com\/avatar\/6b70adad5e469e3119533133d99b56c740d03f8f36d04636fa7d00cb7e06939f?s=24&d=mm&r=g","48":"https:\/\/secure.gravatar.com\/avatar\/6b70adad5e469e3119533133d99b56c740d03f8f36d04636fa7d00cb7e06939f?s=48&d=mm&r=g","96":"https:\/\/secure.gravatar.com\/avatar\/6b70adad5e469e3119533133d99b56c740d03f8f36d04636fa7d00cb7e06939f?s=96&d=mm&r=g"},"meta":[],"_links":{"self":[{"href":"https:\/\/espace-web.info\/colasphoto\/wp-json\/wp\/v2\/users\/1","targetHints":{"allow":["GET"]}}],"collection":[{"href":"https:\/\/espace-web.info\/colasphoto\/wp-json\/wp\/v2\/users"}]}}