{"id":40,"date":"2014-12-09T19:33:59","date_gmt":"2014-12-10T00:33:59","guid":{"rendered":"http:\/\/colasphotoplus.com\/galerie\/?p=40"},"modified":"2016-03-09T16:40:55","modified_gmt":"2016-03-09T21:40:55","slug":"nouvel-hommage-du-consulat-haitien-a-montreal","status":"publish","type":"post","link":"https:\/\/espace-web.info\/colasphoto\/2014\/12\/09\/nouvel-hommage-du-consulat-haitien-a-montreal\/","title":{"rendered":"Nouvel hommage du Consulat ha\u00eftien \u00e0 Montr\u00e9al&#8230;"},"content":{"rendered":"<p><script type=\"text\/javascript\">\/\/ < ![CDATA[\n\/\/ < ![CDATA[\ndocument.oncontextmenu = new Function(\"return false\");\n\/\/ ]]><\/script><\/p>\n<p><script>\n  (function(i,s,o,g,r,a,m){i['GoogleAnalyticsObject']=r;i[r]=i[r]||function(){\n  (i[r].q=i[r].q||[]).push(arguments)},i[r].l=1*new Date();a=s.createElement(o),\n  m=s.getElementsByTagName(o)[0];a.async=1;a.src=g;m.parentNode.insertBefore(a,m)\n  })(window,document,'script','\/\/www.google-analytics.com\/analytics.js','ga');<\/p>\n<p>  ga('create', 'UA-70943617-1', 'auto');\n  ga('send', 'pageview');<\/p>\n<p><\/script><\/p>\n<p><?php include_once(\"analyticstracking.php\") ?><\/p>\n<div id=\"attachment_1009\" style=\"width: 160px\" class=\"wp-caption alignleft\"><a href=\"https:\/\/espace-web.info\/colasphoto\/2014\/12\/16\/honneur-et-merite-a-la-communaute-haitienne\/\"><img loading=\"lazy\" decoding=\"async\" aria-describedby=\"caption-attachment-1009\" class=\"wp-image-1009 size-thumbnail\" title=\"Honneur et M\u00e9rite ...\" src=\"http:\/\/www.canalmusique.com\/wp-content\/uploads\/2014\/12\/logo-consulat-haiti-montreal-150x150.jpg\" alt=\"Logo Consulat Ha\u00efti - Monte\u00e9al\" width=\"150\" height=\"150\" \/><\/a><p id=\"caption-attachment-1009\" class=\"wp-caption-text\">Invitation du Consulat d&rsquo;Ha\u00efti \u00e0 Montr\u00e9al<\/p><\/div>\n<h5 style=\"text-align: justify;\">Cette fois-ci, le Consulat g\u00e9n\u00e9ral d&rsquo;Ha\u00efti \u00e0 Montr\u00e9al rendra hommage \u00e0 plusieurs grandes personnalit\u00e9s remarquables de la Communaut\u00e9 ha\u00eftienne \u00e0 Montr\u00e9al pour avoir contribu\u00e9 \u00e0 la promotion de l&rsquo;image d&rsquo;Ha\u00efti par leur leadership et leur implication assidue durant de longues ann\u00e9es.<\/h5>\n<p>&nbsp;<\/p>\n<p style=\"text-align: justify;\">L&rsquo;invitation qui nous est parvenue ce matin ne pr\u00e9cise pas s&rsquo;il y aura des personnalit\u00e9s dans le monde musical qui seront aussi honor\u00e9es ce soir-l\u00e0.<\/p>\n<p style=\"text-align: justify;\">Cette Soir\u00e9e hommage se tiendra le lundi 15 d\u00e9cembre 2014, de 17h \u00e0 19h, au si\u00e8ge de la Mission consulaire au 1100, Boulevard Ren\u00e9 L\u00e9vesque, Ouest.<\/p>\n<blockquote><p>IMPORTANT &#8211; <strong>Si vous tenez \u00e0 y prendre part, vous n&rsquo;avez qu&rsquo;\u00e0 appeler au Consulat au 514-499-1919&#160;\/&#160;poste 237 pour confirmation.<\/strong><\/p><\/blockquote>\n<p>&nbsp;<\/p>\n","protected":false},"excerpt":{"rendered":"<p>Cette fois-ci, le Consulat g\u00e9n\u00e9ral d&rsquo;Ha\u00efti \u00e0 Montr\u00e9al rendra hommage \u00e0 plusieurs grandes personnalit\u00e9s remarquables de la Communaut\u00e9 ha\u00eftienne \u00e0 Montr\u00e9al pour avoir contribu\u00e9 \u00e0 la promotion de l&rsquo;image d&rsquo;Ha\u00efti par leur leadership et leur implication assidue durant de longues \u2026 <a class=\"continue-reading-link\" href=\"https:\/\/espace-web.info\/colasphoto\/2014\/12\/09\/nouvel-hommage-du-consulat-haitien-a-montreal\/\">Lire plus<\/a><\/p>\n","protected":false},"author":1,"featured_media":0,"comment_status":"closed","ping_status":"closed","sticky":false,"template":"","format":"standard","meta":{"footnotes":""},"categories":[3],"tags":[],"class_list":["post-40","post","type-post","status-publish","format-standard","hentry","category-hommage"],"_links":{"self":[{"href":"https:\/\/espace-web.info\/colasphoto\/wp-json\/wp\/v2\/posts\/40","targetHints":{"allow":["GET"]}}],"collection":[{"href":"https:\/\/espace-web.info\/colasphoto\/wp-json\/wp\/v2\/posts"}],"about":[{"href":"https:\/\/espace-web.info\/colasphoto\/wp-json\/wp\/v2\/types\/post"}],"author":[{"embeddable":true,"href":"https:\/\/espace-web.info\/colasphoto\/wp-json\/wp\/v2\/users\/1"}],"replies":[{"embeddable":true,"href":"https:\/\/espace-web.info\/colasphoto\/wp-json\/wp\/v2\/comments?post=40"}],"version-history":[{"count":8,"href":"https:\/\/espace-web.info\/colasphoto\/wp-json\/wp\/v2\/posts\/40\/revisions"}],"predecessor-version":[{"id":545,"href":"https:\/\/espace-web.info\/colasphoto\/wp-json\/wp\/v2\/posts\/40\/revisions\/545"}],"wp:attachment":[{"href":"https:\/\/espace-web.info\/colasphoto\/wp-json\/wp\/v2\/media?parent=40"}],"wp:term":[{"taxonomy":"category","embeddable":true,"href":"https:\/\/espace-web.info\/colasphoto\/wp-json\/wp\/v2\/categories?post=40"},{"taxonomy":"post_tag","embeddable":true,"href":"https:\/\/espace-web.info\/colasphoto\/wp-json\/wp\/v2\/tags?post=40"}],"curies":[{"name":"wp","href":"https:\/\/api.w.org\/{rel}","templated":true}]}}