{"id":36,"date":"2014-12-16T22:10:04","date_gmt":"2014-12-17T03:10:04","guid":{"rendered":"http:\/\/colasphotoplus.com\/galerie\/?p=36"},"modified":"2016-03-09T16:40:50","modified_gmt":"2016-03-09T21:40:50","slug":"honneur-et-merite-a-la-communaute-haitienne","status":"publish","type":"post","link":"https:\/\/espace-web.info\/colasphoto\/2014\/12\/16\/honneur-et-merite-a-la-communaute-haitienne\/","title":{"rendered":"Honneur et M\u00e9rite \u00e0 la Communaut\u00e9 ha\u00eftienne"},"content":{"rendered":"<p><script type=\"text\/javascript\">\/\/ < ![CDATA[\n\/\/ < ![CDATA[\ndocument.oncontextmenu = new Function(\"return false\");\n\/\/ ]]><\/script><\/p>\n<p><script>\n  (function(i,s,o,g,r,a,m){i['GoogleAnalyticsObject']=r;i[r]=i[r]||function(){\n  (i[r].q=i[r].q||[]).push(arguments)},i[r].l=1*new Date();a=s.createElement(o),\n  m=s.getElementsByTagName(o)[0];a.async=1;a.src=g;m.parentNode.insertBefore(a,m)\n  })(window,document,'script','\/\/www.google-analytics.com\/analytics.js','ga');<\/p>\n<p>  ga('create', 'UA-70943617-1', 'auto');\n  ga('send', 'pageview');<\/p>\n<p><\/script><\/p>\n<p><?php include_once(\"analyticstracking.php\") ?><\/p>\n<h4 style=\"text-align: justify;\">Hier soir, nous avons connu une soir\u00e9e \u00e9mouvante \u00e0 la mission du <a href=\"http:\/\/www.haiti-montreal.org\/demo\/\" target=\"_blank\">Consulat ha\u00eftien \u00e0 Montr\u00e9al<\/a> avec le Consul Kurdy Lar\u00e8che, en guise de ma\u00eetre de c\u00e9r\u00e9monie.<\/h4>\n<p>&nbsp;<\/p>\n<p style=\"text-align: justify;\">Treize personnalit\u00e9s de la Communaut\u00e9 ha\u00eftienne de Montr\u00e9al ont \u00e9t\u00e9 honor\u00e9es en ce lundi 15 d\u00e9cembre 2014, soit 10 jours avant la No\u00ebl. Elles ont re\u00e7u chacune, de la main du Consul g\u00e9n\u00e9ral, M. Justin Viard, une plaque d\u2019honneur pour souligner &#8211; selon ce qui est inscrit sur cette derni\u00e8re &#8211; <cite>leur apport remarquable \u00e0 faire briller la Communaut\u00e9 ha\u00eftienne de Montr\u00e9al.<\/cite><\/p>\n<div id=\"cp_widget_4df80829-6a92-413b-8f61-9533ba751fc4\">&#8230;<\/div>\n<p><script type=\"text\/javascript\">\nvar cpo = []; cpo[\"_object\"] =\"cp_widget_4df80829-6a92-413b-8f61-9533ba751fc4\"; cpo[\"_fid\"] = \"AQNAYM86Vkd1\";\nvar _cpmp = _cpmp || []; _cpmp.push(cpo);\n(function() { var cp = document.createElement(\"script\"); cp.type = \"text\/javascript\";\ncp.async = true; cp.src = \"\/\/www.cincopa.com\/media-platform\/runtime\/libasync.js\";\nvar c = document.getElementsByTagName(\"script\")[0];\nc.parentNode.insertBefore(cp, c); })(); <\/script><noscript>Powered by Cincopa <a href='http:\/\/www.cincopa.com\/video-hosting'>Video Hosting for Business<\/a> solution.<\/noscript><\/p>\n<p style=\"text-align: justify;\"><cite>Leur implication assidue pendant de longues ann\u00e9es<\/cite>, poursui-il, <cite>a contribu\u00e9 \u00e0 l&rsquo;image d&rsquo;Ha\u00efti, leur pays d&rsquo;origine.<\/cite><\/p>\n<p style=\"text-align: justify;\"><strong>M. <a href=\"https:\/\/www.facebook.com\/justin.viard?fref=ts\" title=\"Voir sa page facebook\" target=\"_blank\">Justin Viard<\/a><\/strong>, depuis son accession \u00e0 la t\u00eate du Consulat, n&rsquo;a cess\u00e9 de penser \u00e0 tout ce qui pourrait aider notre communaut\u00e9 \u00e0 se sentir appr\u00e9ci\u00e9e et aim\u00e9e. Lui, aussi, devrait \u00eatre, un jour, honor\u00e9. \u00c0 CanalMusique.com, nous nous permettons de lui rendre un vibrant hommage &#8211; en lui pr\u00e9sentant toutes nos f\u00e9licitations.<\/p>\n<ul>Voici la <strong>liste des r\u00e9cipiendaires<\/strong> (seulement 2 d&rsquo;entre eux n&rsquo;ont pas pu r\u00e9pondre personnellement \u00e0 l&rsquo;invitation, dont M. Rodney Saint-\u00c9loi qui s&rsquo;\u00e9tait fait repr\u00e9senter par sa secr\u00e9taire).<\/p>\n<li><strong>Ronnie Dee<\/strong>: R\u00e9alisteur, Producteur, Animateur\/CIBL<\/li>\n<li><strong>Raymond Laurent<\/strong>: Animateur \u00e9mission Samedi Inter\/CKUT<\/li>\n<li><strong>Felicidades Joseph<\/strong>: Pr\u00e9sidente Association Haitiano-Canado Qu\u00e9b\u00e9coise de Promotion Culturelle et Artistique d&rsquo;Aide aux d\u00e9munis<\/li>\n<li><strong>Jean Ernest Pierre<\/strong>: PDG <a href=\"http:\/\/www.cpam1410.com\/accueil\/\" title=\"Voir le site de Radio CPAM\" target=\"_blank\">Radio CPAM<\/a><\/li>\n<li>Dr. <strong>Andr\u00e9 Arcelin<\/strong>: M\u00e9decin<\/li>\n<li>Dr. <strong>Louis C. Levros<\/strong>: M\u00e9decin<\/li>\n<li>Dr. <strong>Christian Lauriston<\/strong>: M\u00e9decin<\/li>\n<li><strong>Frantz Turenne<\/strong>: Instructeur, Entraineur, Chroniqueur sportif<\/li>\n<li><strong>Jean Claude Fonrose<\/strong>: Pr\u00e9sident de la Fondation Jean Claude Fonrose pour la Rel\u00e8ve sportive<\/li>\n<li><strong>Rodney Saint-\u00c9loi<\/strong>: \u00c9vrivain-\u00c9diteur <a href=\"http:\/\/memoiredencrier.com\/\" title=\"Cliquez pour visiter le site de M\u00e9moire d'Encrier\" target=\"_blank\">M\u00e9moire d&rsquo;Encrier<\/a><\/li>\n<li><strong>Jules S\u00e9ide<\/strong>: Repr\u00e9sentant des Chauffeurs de Taxi au sein de la Soci\u00e9t\u00e9 Paramunicipale<\/li>\n<li><strong>Charlotte Auguste<\/strong>: Journaliste, Animatice de Radio<\/li>\n<li><strong>Fabienne Colas<\/strong>: Pr\u00e9sidente de la <a href=\"http:\/\/www.fondationfabiennecolas.org\/\" title=\"Voir le site officiel de la Fondation Fabienne Colas\" target=\"_blank\">Fondation Fabienne Colas<\/a><\/li>\n<\/ul>\n<p style=\"text-align: justify;\">Il existe tellement d&rsquo;autres brillants Ha\u00eftiens qui nous \u00e9merveillent \u00e9galement par leurs exploits au sein de cette soci\u00e9t\u00e9 montr\u00e9alaise que nous pouvons nous permettre d&rsquo;avancer, sans crainte de nous tromper, que cette liste n&rsquo;est pas exhaustive. Au moment opportun, d&rsquo;autres personnalit\u00e9s ha\u00eftiennes, esp\u00e9rons-le, seront \u00e9galement honor\u00e9es&#8230;<\/p>\n<div id=\"cp_widget_8bb47e51-a60c-4554-b920-a032a09d0655\">&#8230;<\/div>\n<p><script type=\"text\/javascript\">\nvar cpo = []; cpo[\"_object\"] =\"cp_widget_8bb47e51-a60c-4554-b920-a032a09d0655\"; cpo[\"_fid\"] = \"AgHA_NMVU8Qy\";\nvar _cpmp = _cpmp || []; _cpmp.push(cpo);\n(function() { var cp = document.createElement(\"script\"); cp.type = \"text\/javascript\";\ncp.async = true; cp.src = \"\/\/www.cincopa.com\/media-platform\/runtime\/libasync.js\";\nvar c = document.getElementsByTagName(\"script\")[0];\nc.parentNode.insertBefore(cp, c); })(); <\/script><\/p>\n<blockquote>\n<p>\t<strong>Cr\u00e9dit photo<\/strong> : <a title=\"ColasPhoto.com, la Qualit\u00e9 \u00e0 tout prix\" href=\"http:\/\/www.colasphotoplus.com\/galerie\">ColasPhoto.com \u2192<\/a> \/ Tel.: (514) 400-3089<\/p>\n<\/blockquote>\n<p>&nbsp;<\/p>\n","protected":false},"excerpt":{"rendered":"<p>Hier soir, nous avons connu une soir\u00e9e \u00e9mouvante \u00e0 la mission du Consulat ha\u00eftien \u00e0 Montr\u00e9al avec le Consul Kurdy Lar\u00e8che, en guise de ma\u00eetre de c\u00e9r\u00e9monie. &nbsp; Treize personnalit\u00e9s de la Communaut\u00e9 ha\u00eftienne de Montr\u00e9al ont \u00e9t\u00e9 honor\u00e9es en \u2026 <a class=\"continue-reading-link\" href=\"https:\/\/espace-web.info\/colasphoto\/2014\/12\/16\/honneur-et-merite-a-la-communaute-haitienne\/\">Lire plus<\/a><\/p>\n","protected":false},"author":1,"featured_media":0,"comment_status":"closed","ping_status":"closed","sticky":false,"template":"","format":"standard","meta":{"footnotes":""},"categories":[3],"tags":[],"class_list":["post-36","post","type-post","status-publish","format-standard","hentry","category-hommage"],"_links":{"self":[{"href":"https:\/\/espace-web.info\/colasphoto\/wp-json\/wp\/v2\/posts\/36","targetHints":{"allow":["GET"]}}],"collection":[{"href":"https:\/\/espace-web.info\/colasphoto\/wp-json\/wp\/v2\/posts"}],"about":[{"href":"https:\/\/espace-web.info\/colasphoto\/wp-json\/wp\/v2\/types\/post"}],"author":[{"embeddable":true,"href":"https:\/\/espace-web.info\/colasphoto\/wp-json\/wp\/v2\/users\/1"}],"replies":[{"embeddable":true,"href":"https:\/\/espace-web.info\/colasphoto\/wp-json\/wp\/v2\/comments?post=36"}],"version-history":[{"count":12,"href":"https:\/\/espace-web.info\/colasphoto\/wp-json\/wp\/v2\/posts\/36\/revisions"}],"predecessor-version":[{"id":544,"href":"https:\/\/espace-web.info\/colasphoto\/wp-json\/wp\/v2\/posts\/36\/revisions\/544"}],"wp:attachment":[{"href":"https:\/\/espace-web.info\/colasphoto\/wp-json\/wp\/v2\/media?parent=36"}],"wp:term":[{"taxonomy":"category","embeddable":true,"href":"https:\/\/espace-web.info\/colasphoto\/wp-json\/wp\/v2\/categories?post=36"},{"taxonomy":"post_tag","embeddable":true,"href":"https:\/\/espace-web.info\/colasphoto\/wp-json\/wp\/v2\/tags?post=36"}],"curies":[{"name":"wp","href":"https:\/\/api.w.org\/{rel}","templated":true}]}}