{"id":28,"date":"2014-12-22T05:47:02","date_gmt":"2014-12-22T10:47:02","guid":{"rendered":"http:\/\/colasphotoplus.com\/galerie\/?p=28"},"modified":"2016-04-01T18:08:49","modified_gmt":"2016-04-01T23:08:49","slug":"pour-terminer-lannee-en-beaute","status":"publish","type":"post","link":"https:\/\/espace-web.info\/colasphoto\/2014\/12\/22\/pour-terminer-lannee-en-beaute\/","title":{"rendered":"Pour terminer l&rsquo;ann\u00e9e en beaut\u00e9"},"content":{"rendered":"<p><script type=\"text\/javascript\">\/\/ < ![CDATA[\n\/\/ < ![CDATA[\ndocument.oncontextmenu = new Function(\"return false\");\n\/\/ ]]><\/script><\/p>\n<p><script>\n  (function(i,s,o,g,r,a,m){i['GoogleAnalyticsObject']=r;i[r]=i[r]||function(){\n  (i[r].q=i[r].q||[]).push(arguments)},i[r].l=1*new Date();a=s.createElement(o),\n  m=s.getElementsByTagName(o)[0];a.async=1;a.src=g;m.parentNode.insertBefore(a,m)\n  })(window,document,'script','\/\/www.google-analytics.com\/analytics.js','ga');<\/p>\n<p>  ga('create', 'UA-70943617-1', 'auto');\n  ga('send', 'pageview');<\/p>\n<p><\/script><\/p>\n<p><?php include_once(\"analyticstracking.php\") ?><\/p>\n<h5 style=\"text-align: justify;\">La <a href=\"http:\/\/www.fondationfabiennecolas.org\/\" title=\"Le site officiel de la Fondatio\" target=\"_blank\"><strong>Fondation Fabienne Colas<\/strong><\/a>, dont la mission est de promouvoir le cin\u00e9ma, la musique et l&rsquo;art en g\u00e9n\u00e9ral, a choisi, en guise de derni\u00e8re activit\u00e9 pour l&rsquo;ann\u00e9e, d&rsquo;inviter le public \u00e0 la projection de 2 documentaires, tout en leur offrant un cocktail de bienvenue. Le premier film documentaire de 13 minutes, sorti en 2007 et r\u00e9alis\u00e9 par Ismail Farhane, fait ressortir l&rsquo;extraordinaire talent d&rsquo;un artiste ha\u00eftien dont les \u0153uvres refl\u00e8tent sa grande croyance dans le vaudou pour la lib\u00e9ration totale d&rsquo;Ha\u00efti, alors que le second &#8211; sorti en 2010 et r\u00e9alis\u00e9 par Jean-Fran\u00e7ois M\u00e9an &#8211; touche du doigt une discrimination toute particuli\u00e8re donnant mati\u00e8re \u00e0 r\u00e9flexion.<\/h5>\n<p style=\"text-align: justify;\"><a href=\"https:\/\/www.facebook.com\/jeanfrancois.mean?fref=ts\" target=\"_blank\"><img loading=\"lazy\" decoding=\"async\" class=\"alignleft wp-image-1768 size-medium\" title=\"La page facebook du r\u00e9alisateur\" src=\"http:\/\/www.canalmusique.com\/wp-content\/uploads\/2014\/12\/BlackAndWhite-300x134.jpg\" alt=\"BlackAndWhite\" width=\"300\" height=\"134\" \/><\/a>Cette soir\u00e9e s&rsquo;est d\u00e9roul\u00e9e \u00e0 l&rsquo;ancien local de l&rsquo;ONF g\u00e9r\u00e9 actuellement par l&rsquo;UQUAM. Les cin\u00e9philes sont venus en grand nombre pour entamer la discussion avec le r\u00e9alisateur du fameux documentaire \u00ab\u00a0Blanc et Noir\u00a0\u00bb traitant de la chasse aux albinos en Tanzanie. Selon les d\u00e9clarations du r\u00e9alisateur, apr\u00e8s plusieurs projections de ce documentaire de 58 minutes en Tanzanie, <em>les meurtres perp\u00e9tr\u00e9s contre les albinos sont pass\u00e9s de 3 par mois \u00e0 3 par an<\/em>.<\/p>\n<p style=\"text-align: justify;\">Aujourd&rsquo;hui, soit quatre ans plus tard, la situation a beaucoup chang\u00e9. <em>M\u00eame s&rsquo;il y a encore des cas isol\u00e9s o\u00f9 des albinos ont \u00e9t\u00e9 attaqu\u00e9s<\/em>, poursuit-il, <em>il n&rsquo;existe plus d&rsquo;assassinats enregistr\u00e9s<\/em>. \u00c0 souligner que le gouvernement tanzanien avait fini, entre-temps, par prendre des mesures fermes contre tous ceux qui s&rsquo;arrogeaient le droit d&rsquo;enlever la vie d&rsquo;un albinos qui est un \u00eatre humain \u00e0 part enti\u00e8re comme tous les noirs en Tanzanie.<\/p>\n<p style=\"text-align: justify;\">Cela d\u00e9montre \u00e0 quel point le <strong>cin\u00e9ma<\/strong> &#8211; tout comme la <strong>musique<\/strong> &#8211; peut  servir en tant que vecteur de conscientisation, de changement, d&rsquo;\u00e9ducation. Raison de plus de soutenir la Fondation Fabienne Colas qui, en dehors de la promotion du cin\u00e9ma et de la musique, s&rsquo;int\u00e9resse, aujourd&rsquo;hui, de plus en plus, \u00e0 l&rsquo;\u00e9panouissement des jeunes vivant tant en Ha\u00efti qu&rsquo;au Canada.<\/p>\n<p style=\"text-align: justify;\">D&rsquo;aucuns diront qu&rsquo;il n&rsquo;y avait pas de meilleures fa\u00e7ons de cl\u00f4turer la s\u00e9rie d&rsquo;activit\u00e9s de la Fondation pour cette ann\u00e9e.<\/p>\n<p>Nous vous laissons le temps de vivre en images le film de cette derni\u00e8re soir\u00e9e 2014, tout en vous souhaitant d\u00e9j\u00e0 toutes les bonnes choses de la vie pour la nouvelle ann\u00e9e qui s&rsquo;en vient.<\/p>\n<div id=\"cp_widget_ee3052ec-f4f7-46a5-b0d4-d3a73f1b448d\">&#8230;<\/div>\n<p><script type=\"text\/javascript\">\nvar cpo = []; cpo[\"_object\"] =\"cp_widget_ee3052ec-f4f7-46a5-b0d4-d3a73f1b448d\"; cpo[\"_fid\"] = \"AUIACNs7PsrC\";\nvar _cpmp = _cpmp || []; _cpmp.push(cpo);\n(function() { var cp = document.createElement(\"script\"); cp.type = \"text\/javascript\";\ncp.async = true; cp.src = \"\/\/www.cincopa.com\/media-platform\/runtime\/libasync.js\";\nvar c = document.getElementsByTagName(\"script\")[0];\nc.parentNode.insertBefore(cp, c); })(); <\/script><\/p>\n<blockquote>\n<p>\t<strong>Cr\u00e9dit photo<\/strong> : <a title=\"ColasPhoto.com, la Qualit\u00e9 \u00e0 tout prix\" href=\"http:\/\/www.colasphotoplus.com\/galerie\">ColasPhoto.com \u2192<\/a> \/ Tel.: (514) 400-3089<\/p>\n<\/blockquote>\n<p>&nbsp;<\/p>\n","protected":false},"excerpt":{"rendered":"<p>La Fondation Fabienne Colas, dont la mission est de promouvoir le cin\u00e9ma, la musique et l&rsquo;art en g\u00e9n\u00e9ral, a choisi, en guise de derni\u00e8re activit\u00e9 pour l&rsquo;ann\u00e9e, d&rsquo;inviter le public \u00e0 la projection de 2 documentaires, tout en leur offrant \u2026 <a class=\"continue-reading-link\" href=\"https:\/\/espace-web.info\/colasphoto\/2014\/12\/22\/pour-terminer-lannee-en-beaute\/\">Lire plus<\/a><\/p>\n","protected":false},"author":1,"featured_media":0,"comment_status":"closed","ping_status":"closed","sticky":false,"template":"","format":"standard","meta":{"footnotes":""},"categories":[4],"tags":[],"class_list":["post-28","post","type-post","status-publish","format-standard","hentry","category-celebration"],"_links":{"self":[{"href":"https:\/\/espace-web.info\/colasphoto\/wp-json\/wp\/v2\/posts\/28","targetHints":{"allow":["GET"]}}],"collection":[{"href":"https:\/\/espace-web.info\/colasphoto\/wp-json\/wp\/v2\/posts"}],"about":[{"href":"https:\/\/espace-web.info\/colasphoto\/wp-json\/wp\/v2\/types\/post"}],"author":[{"embeddable":true,"href":"https:\/\/espace-web.info\/colasphoto\/wp-json\/wp\/v2\/users\/1"}],"replies":[{"embeddable":true,"href":"https:\/\/espace-web.info\/colasphoto\/wp-json\/wp\/v2\/comments?post=28"}],"version-history":[{"count":15,"href":"https:\/\/espace-web.info\/colasphoto\/wp-json\/wp\/v2\/posts\/28\/revisions"}],"predecessor-version":[{"id":542,"href":"https:\/\/espace-web.info\/colasphoto\/wp-json\/wp\/v2\/posts\/28\/revisions\/542"}],"wp:attachment":[{"href":"https:\/\/espace-web.info\/colasphoto\/wp-json\/wp\/v2\/media?parent=28"}],"wp:term":[{"taxonomy":"category","embeddable":true,"href":"https:\/\/espace-web.info\/colasphoto\/wp-json\/wp\/v2\/categories?post=28"},{"taxonomy":"post_tag","embeddable":true,"href":"https:\/\/espace-web.info\/colasphoto\/wp-json\/wp\/v2\/tags?post=28"}],"curies":[{"name":"wp","href":"https:\/\/api.w.org\/{rel}","templated":true}]}}