{"id":15,"date":"2015-02-24T23:38:07","date_gmt":"2015-02-25T04:38:07","guid":{"rendered":"http:\/\/colasphotoplus.com\/galerie\/?p=15"},"modified":"2016-03-09T16:40:28","modified_gmt":"2016-03-09T21:40:28","slug":"le-ministere-de-limmigration-recompense-3-personnalites-du-quebec","status":"publish","type":"post","link":"https:\/\/espace-web.info\/colasphoto\/2015\/02\/24\/le-ministere-de-limmigration-recompense-3-personnalites-du-quebec\/","title":{"rendered":"Le Minist\u00e8re de l&rsquo;Immigration r\u00e9compense 3 personnalit\u00e9s du Qu\u00e9bec"},"content":{"rendered":"<p><script type=\"text\/javascript\">\/\/ < ![CDATA[\n\/\/ < ![CDATA[\ndocument.oncontextmenu = new Function(\"return false\");\n\/\/ ]]><\/script><\/p>\n<p><script>\n  (function(i,s,o,g,r,a,m){i['GoogleAnalyticsObject']=r;i[r]=i[r]||function(){\n  (i[r].q=i[r].q||[]).push(arguments)},i[r].l=1*new Date();a=s.createElement(o),\n  m=s.getElementsByTagName(o)[0];a.async=1;a.src=g;m.parentNode.insertBefore(a,m)\n  })(window,document,'script','\/\/www.google-analytics.com\/analytics.js','ga');<\/p>\n<p>  ga('create', 'UA-70943617-1', 'auto');\n  ga('send', 'pageview');<\/p>\n<p><\/script><\/p>\n<p><?php include_once(\"analyticstracking.php\") ?><\/p>\n<h4 style=\"text-align: justify;\">Lors d&rsquo;une c\u00e9r\u00e9monie publique qui s&rsquo;est tenue le lundi 23 f\u00e9vrier \u00e0 Montr\u00e9al, dans le cadre du <a href=\"http:\/\/moishistoiredesnoirs.com\/\" title=\"Voir le site du Mois de l'Histoire des Noirs\" target=\"_blank\">Mois de l&rsquo;Histoire de Noirs<\/a>, 3 personnalit\u00e9s du Qu\u00e9bec, dont Fabienne Colas, ont \u00e9t\u00e9 r\u00e9compens\u00e9es par le <a href=\"http:\/\/www.immigration-quebec.gouv.qc.ca\/fr\/index.php\" title=\"Le site officiel du Minist\u00e8re\" target=\"_blank\">Minist\u00e8re de l&rsquo;Immigration, de la Diversit\u00e9 et de l&rsquo;Inclusion<\/a>.<\/h4>\n<div id=\"cp_widget_d5f2130d-681d-452b-8627-58c127279434\">&#8230;<\/div>\n<p><script type=\"text\/javascript\">\nvar cpo = []; cpo[\"_object\"] =\"cp_widget_d5f2130d-681d-452b-8627-58c127279434\"; cpo[\"_fid\"] = \"AECA9HtvFC7M\";\nvar _cpmp = _cpmp || []; _cpmp.push(cpo);\n(function() { var cp = document.createElement(\"script\"); cp.type = \"text\/javascript\";\ncp.async = true; cp.src = \"\/\/www.cincopa.com\/media-platform\/runtime\/libasync.js\";\nvar c = document.getElementsByTagName(\"script\")[0];\nc.parentNode.insertBefore(cp, c); })(); <\/script><noscript>Powered by Cincopa <a href='http:\/\/www.cincopa.com\/video-hosting'>Video Hosting for Business<\/a> solution.<\/noscript><\/p>\n<p style=\"text-align: justify;\">La ministre <strong>Kathleen Weil<\/strong> a d\u00e9cern\u00e9 \u00e0 chacune d&rsquo;elle une m\u00e9daille de l&rsquo;Assembl\u00e9e nationale. Mme. Weil en a profit\u00e9 pour souligner leur engagement au sein de la communaut\u00e9 qu\u00e9b\u00e9coise &#8211; tout en soulignant l&rsquo;apport de nombreuses autres personnes des communaut\u00e9s noires au d\u00e9veloppement du Qu\u00e9bec.<\/p>\n<p style=\"text-align: justify;\">\u00abAvec le <strong>Mois de l&rsquo;histoire des Noirs<\/strong>, a fait remarquer la ministre, je devais saisir l&rsquo;occasion de reconna\u00eetre le remarquable travail r\u00e9alis\u00e9 au quotidien par ces personnes. Mme Fabienne Colas, M. Alexander et M. Songa contribuent \u00e0 faire avancer la lutte contre le racisme et la discrimination au Qu\u00e9bec et \u00e0 resserrer les liens de solidarit\u00e9 qui unissent les Qu\u00e9b\u00e9coises et Qu\u00e9b\u00e9cois de toutes origines. Ce type d&rsquo;engagement, a-t-elle poursuivi, m\u00e9rite d&rsquo;\u00eatre soulign\u00e9 car il change le monde\u00bb.<\/p>\n<p style=\"text-align: justify;\">Selon le communiqu\u00e9 de presse du minist\u00e8re en date du 23 f\u00e9vrier 2015, \u00ab\u00a0la <strong>M\u00e9daille de l&rsquo;Assembl\u00e9e nationale du Qu\u00e9bec<\/strong> est remise par les d\u00e9put\u00e9s \u00e0 titre de reconnaissance \u00e0 des personnes de leur choix. Les trois personnalit\u00e9s honor\u00e9es par la ministre Kathleen Weil sont repr\u00e9sentatives de la diversit\u00e9 des communaut\u00e9s noires au Qu\u00e9bec.\u00a0\u00bb<\/p>\n<div id=\"attachment_2178\" style=\"width: 160px\" class=\"wp-caption alignleft\"><img loading=\"lazy\" decoding=\"async\" aria-describedby=\"caption-attachment-2178\" class=\"size-thumbnail wp-image-2178\" src=\"http:\/\/www.canalmusique.com\/wp-content\/uploads\/2015\/02\/ColasPhoto-230214-228-Fabieenne-150x150.jpg\" alt=\"Fabienne Colas\" width=\"150\" height=\"150\" \/><p id=\"caption-attachment-2178\" class=\"wp-caption-text\">Fabienne Colas<\/p><\/div>\n<p style=\"text-align: justify;\">Mme <strong>Fabienne Colas<\/strong>, d&rsquo;origine ha\u00eftienne, est arriv\u00e9e au Qu\u00e9bec en 2003. Actrice, r\u00e9alisatrice et productrice, elle dirige la <a href=\"http:\/\/fondationfabiennecolas.org\/\" title=\"Le site officiel de la Fondation Fabienne Colas\" target=\"_blank\">Fondation Fabienne Colas<\/a>, un organisme qui fait la promotion du cin\u00e9ma, des arts et de la culture, ainsi que sa propre maison de production, Zaza Production. En 2005, Mme Colas a organis\u00e9 le Festival international du <a title=\"Le site officiel du festival film black de Montr\u00e9al\" href=\"http:\/\/montrealblackfilm.com\/\" target=\"_blank\">Film Black de Montr\u00e9al<\/a>, le premier \u00e9v\u00e9nement culturel vou\u00e9 \u00e0 la promotion de la culture et des talents des communaut\u00e9s noires. Mme Colas a aussi jou\u00e9 dans plusieurs productions qu\u00e9b\u00e9coises diffus\u00e9es tant au cin\u00e9ma qu&rsquo;\u00e0 la t\u00e9l\u00e9vision. En 2008, elle a r\u00e9alis\u00e9 son tout premier film, Minuit, o\u00f9 elle tenait le r\u00f4le principal. Conf\u00e9renci\u00e8re, consultante et mentore aupr\u00e8s des jeunes entrepreneurs, Mme Colas a \u00e9t\u00e9 laur\u00e9ate du Mois de l&rsquo;histoire des Noirs en 2010 dans la cat\u00e9gorie \u00ab \u00c9v\u00e9nements culturels \u00bb.<\/p>\n<div id=\"attachment_2172\" style=\"width: 160px\" class=\"wp-caption alignleft\"><img loading=\"lazy\" decoding=\"async\" aria-describedby=\"caption-attachment-2172\" class=\"size-thumbnail wp-image-2172\" src=\"http:\/\/www.canalmusique.com\/wp-content\/uploads\/2015\/02\/ColasPhoto-230214-067-M-150x150.jpg\" alt=\"M. No\u00ebl Alexander\" width=\"150\" height=\"150\" \/><p id=\"caption-attachment-2172\" class=\"wp-caption-text\">No\u00ebl Alexander<\/p><\/div>\n<p style=\"text-align: justify;\">M. <strong>No\u00ebl Alexander<\/strong>, d&rsquo;origine jama\u00efcaine, est arriv\u00e9 au Qu\u00e9bec en 1974. Peu de temps apr\u00e8s son arriv\u00e9e, il s&rsquo;engage, dans l&rsquo;<a href=\"http:\/\/www.rvcq.ca\/search\/getorg.jsp?Rec=437&#038;&#038;Cathegory=Abus&#038;&#038;Search=ByCategory\" title=\"Le site de L'Association jama\u00efcaine de Montr\u00e9al\" target=\"_blank\">Association jama\u00efcaine de Montr\u00e9al<\/a> et en devient le pr\u00e9sident en 1980. Il a occup\u00e9 cette fonction pendant presque 35 ans. Important porte-parole de la communaut\u00e9 noire anglophone, M. Alexander s&rsquo;est \u00e9galement fait conna\u00eetre par son engagement \u00e0 d\u00e9fendre la cause des jeunes et \u00e0 encourager l&rsquo;int\u00e9gration des personnes des communaut\u00e9s noires anglophones \u00e0 la soci\u00e9t\u00e9 qu\u00e9b\u00e9coise. M. Alexander a re\u00e7u r\u00e9cemment le Dr Clarence Bayne Community Service Award, lors du Gala Vision C\u00e9l\u00e9bration qui r\u00e9compense la contribution \u00e0 la vie culturelle montr\u00e9alaise.<\/p>\n<div id=\"attachment_2173\" style=\"width: 160px\" class=\"wp-caption alignleft\"><img loading=\"lazy\" decoding=\"async\" aria-describedby=\"caption-attachment-2173\" class=\"size-thumbnail wp-image-2173\" src=\"http:\/\/www.canalmusique.com\/wp-content\/uploads\/2015\/02\/ColasPhoto-230214-185-R-150x150.jpg\" alt=\"M. Beno\u00eet Songa\" width=\"150\" height=\"150\" \/><p id=\"caption-attachment-2173\" class=\"wp-caption-text\">Beno\u00eet Songa<\/p><\/div>\n<p style=\"text-align: justify;\">M. <strong>Beno\u00eet Songa<\/strong>, d&rsquo;origine congolaise, est arriv\u00e9 au Qu\u00e9bec en 1988. Il est devenu directeur g\u00e9n\u00e9ral du <a href=\"http:\/\/www.r2000.qc.ca\/\" title=\"Voir le site\" target=\"_blank\">Centre RIRE 2000 de Qu\u00e9bec<\/a> en 1996. Souvent cit\u00e9 comme un mod\u00e8le de r\u00e9ussite, il fut l&rsquo;un des laur\u00e9ats du Top 20 des Personnalit\u00e9s de la Diversit\u00e9 de l&rsquo;ann\u00e9e 2012, d\u00e9cern\u00e9 par M\u00e9diamosa\u00efque. En plus de recevoir le prix Anne-Greenup en 2004 pour la lutte contre le racisme et pour la promotion de la participation civique, le quotidien Le Soleil lui a d\u00e9cern\u00e9 le prix Olivier-Lejeune en 2008 pour souligner sa contribution \u00e0 l&rsquo;int\u00e9gration des personnes de la communaut\u00e9 noire \u00e0 Qu\u00e9bec. Le Centre RIRE 2000 est un partenaire du minist\u00e8re de l&rsquo;Immigration, de la Diversit\u00e9 et de l&rsquo;Inclusion qui \u0153uvre \u00e0 l&rsquo;int\u00e9gration professionnelle des personnes immigrantes. Il est l&rsquo;organisme mandataire de la campagne Du monde \u00e0 conna\u00eetre, \u00e0 Qu\u00e9bec. Le Centre RIRE 2000 a re\u00e7u le Prix de l&rsquo;organisme de l&rsquo;ann\u00e9e 2013 d\u00e9cern\u00e9 par la Caisse Desjardins de Qu\u00e9bec en reconnaissance de son soutien aux personnes immigrantes nouvellement arriv\u00e9es, en particulier pour son projet de conversation fran\u00e7aise.<\/p>\n<div id=\"attachment_2179\" style=\"width: 160px\" class=\"wp-caption alignleft\"><img loading=\"lazy\" decoding=\"async\" aria-describedby=\"caption-attachment-2179\" class=\"size-thumbnail wp-image-2179\" src=\"http:\/\/www.canalmusique.com\/wp-content\/uploads\/2015\/02\/ColasPhoto-230214-228-C-150x150.jpg\" alt=\"Kathleen Weil\" width=\"150\" height=\"150\" \/><p id=\"caption-attachment-2179\" class=\"wp-caption-text\">Kathleen Weil<\/p><\/div>\n<p style=\"text-align: justify;\">La <a href=\"http:\/\/www.midi.gouv.qc.ca\/fr\/ministre\/\" title=\"Encore plus d'infos...\" target=\"_blank\">ministre <strong>Kathleen Weil<\/strong><\/a> a soulign\u00e9 l&rsquo;importance de se rappeler que les Qu\u00e9b\u00e9coises et les Qu\u00e9b\u00e9cois des communaut\u00e9s noires sont au Qu\u00e9bec depuis plus de quatre si\u00e8cles et qu&rsquo;ils participent depuis ce temps \u00e0 son histoire et \u00e0 son d\u00e9veloppement. \u00ab La diversit\u00e9 est indissociable de l&rsquo;histoire du Qu\u00e9bec et de son \u00e9volution. Nous devons non seulement nous souvenir des \u00e9v\u00e9nements marquants de notre histoire mais aussi de ses protagonistes, parmi lesquels figurent de nombreuses personnes des communaut\u00e9s noires. Certaines ont r\u00e9alis\u00e9 de grandes choses dans leur sph\u00e8re d&rsquo;activit\u00e9. D&rsquo;autres ont marqu\u00e9 l&rsquo;histoire des collectivit\u00e9s par leur engagement social et communautaire. Toutes ces personnes ont pris part \u00e0 l&rsquo;essor du Qu\u00e9bec et \u00e0 son rayonnement dans le monde \u00bb, a conclu la ministre.<\/p>\n<div id=\"attachment_2007\" style=\"width: 116px\" class=\"wp-caption alignleft\"><a href=\"https:\/\/www.facebook.com\/justin.viard?ref=ts&amp;fref=ts\" target=\"_blank\"><img loading=\"lazy\" decoding=\"async\" aria-describedby=\"caption-attachment-2007\" class=\"wp-image-2007 size-full\" title=\"Voir la page facebook du Consul ha\u00eftien \u00e0 Montr\u00e9al, M. Jstin Viard \/ Photo Colas\" src=\"http:\/\/www.canalmusique.com\/wp-content\/uploads\/2015\/01\/JustinViard_ConsulHa\u00eftienMontreal.jpg\" alt=\"Justin Viard\" width=\"106\" height=\"129\" \/><\/a><p id=\"caption-attachment-2007\" class=\"wp-caption-text\">Justin Viard<\/p><\/div>\n<p style=\"text-align: justify;\">Nous ne saurions vous laisser sans souligner la pr\u00e9sence du Consul g\u00e9n\u00e9ral d&rsquo;Ha\u00efti \u00e0  Montr\u00e9al, M. <strong>Justin Viard<\/strong>, assistant avec fi\u00e8ret\u00e9 \u00e0 la c\u00e9r\u00e9monie o\u00f9 la Ministre de l&rsquo;Immigration d\u00e9cernait la M\u00e9daille de l&rsquo;Assembl\u00e9e nationale du Qu\u00e9bec \u00e0 notre compatriote Fabienne Colas. <em><strong>Arriv\u00e9e au Qu\u00e9bec, Fabienne a fait en l&rsquo;espace de 5 ans,<\/strong> pour citer l&rsquo;acad\u00e9micien <a href=\"http:\/\/ici.radio-canada.ca\/nouvelles\/arts_et_spectacles\/2013\/12\/12\/004-dany-laferriere-academie-francaise.shtml\" title=\"L'\u00e9crivain d'origine ha\u00eftienne Dany Laferri\u00e8re est le premier Qu\u00e9b\u00e9cois \u00e0 faire son entr\u00e9e \u00e0 l'Acad\u00e9mie fran\u00e7aise. Il a \u00e9t\u00e9 \u00e9lu au premier tour jeudi, \u00e0 Paris, par les membres de la c\u00e9l\u00e8bre institution, avec 13 voix\" target=\"_blank\">Dany Laferri\u00e8re<\/a>, <strong>ce que beaucoup de gens arrivent \u00e0 peine \u00e0 faire en 30 ans.<\/strong><\/em><\/p>\n<p style=\"text-align: justify;\">Pas besoin de vous dire \u00e0 quel point les r\u00e9cipiendaires, notamment Mme Fabienne Colas, ont \u00e9t\u00e9 \u00e9mus en cette occasion exceptionnelle qui leur rappelle qu&rsquo;ils sont sur la bonne voie et qu&rsquo;ils doivent, malgr\u00e9 vents et mar\u00e9es, continuer \u00e0 avancer.<\/p>\n<p style=\"text-align: justify;\">L&rsquo;un de nos reporters \u00e9tait sur place. Nous vous invitons donc \u00e0 <strong>vivre en images<\/strong> les divers instants de cette c\u00e9r\u00e9monie&#8230;<\/p>\n<div id=\"cp_widget_475e1970-8df8-4c44-9380-13003b42ff69\">&#8230;<\/div>\n<p><script type=\"text\/javascript\">\nvar cpo = []; cpo[\"_object\"] =\"cp_widget_475e1970-8df8-4c44-9380-13003b42ff69\"; cpo[\"_fid\"] = \"AcCA3VcMxNXB\";\nvar _cpmp = _cpmp || []; _cpmp.push(cpo);\n(function() { var cp = document.createElement(\"script\"); cp.type = \"text\/javascript\";\ncp.async = true; cp.src = \"\/\/www.cincopa.com\/media-platform\/runtime\/libasync.js\";\nvar c = document.getElementsByTagName(\"script\")[0];\nc.parentNode.insertBefore(cp, c); })(); <\/script><\/p>\n<blockquote>\n<p>\t<strong>Cr\u00e9dit photo<\/strong> : <a title=\"ColasPhoto.com, la Qualit\u00e9 \u00e0 tout prix\" href=\"http:\/\/www.colasphotoplus.com\/galerie\">ColasPhoto.com \u2192<\/a> \/ Tel.: (514) 400-3089<\/p>\n<\/blockquote>\n<p>&nbsp;<\/p>\n<ol>\n<strong>D&rsquo;autres en parlent :<\/strong><\/p>\n<li><a href=\"http:\/\/www.midi.gouv.qc.ca\/fr\/presse\/communiques\/com20150223.html\" title=\"Communiqu\u00e9 du Minist\u00e8re de l'Immigration en date du 23 f\u00e9vrier 2015\" target=\"_blank\">Mois de l&rsquo;histoire des Noirs : La ministre Kathleen Weil r\u00e9compense trois personnalit\u00e9s du Qu\u00e9bec<\/a><\/li>\n<li><a href=\"http:\/\/intexto.ca\/histoire-des-noirs-fabienne-colas-recompensee-par-quebec\/\" title=\"un article post\u00e9 sur Journal Pam\" target=\"_blank\">Histoire des Noirs : <strong>Fabienne Colas<\/strong> r\u00e9compens\u00e9e par Qu\u00e9bec<\/a><\/li>\n<li><a href=\"http:\/\/www.hpnhaiti.com\/site\/index.php?option=com_content&#038;view=article&#038;id=15251:haiti-canada-fabienne-colas-honoree-par-quebec&#038;catid=12:internationales&#038;Itemid=19\" title=\"Un article post\u00e9 sur HPN\" target=\"_blank\">Ha\u00efti-Canada : <strong>Fabienne Colas<\/strong> honor\u00e9e par Qu\u00e9bec<\/a><\/li>\n<\/ol>\n","protected":false},"excerpt":{"rendered":"<p>Lors d&rsquo;une c\u00e9r\u00e9monie publique qui s&rsquo;est tenue le lundi 23 f\u00e9vrier \u00e0 Montr\u00e9al, dans le cadre du Mois de l&rsquo;Histoire de Noirs, 3 personnalit\u00e9s du Qu\u00e9bec, dont Fabienne Colas, ont \u00e9t\u00e9 r\u00e9compens\u00e9es par le Minist\u00e8re de l&rsquo;Immigration, de la Diversit\u00e9 \u2026 <a class=\"continue-reading-link\" href=\"https:\/\/espace-web.info\/colasphoto\/2015\/02\/24\/le-ministere-de-limmigration-recompense-3-personnalites-du-quebec\/\">Lire plus<\/a><\/p>\n","protected":false},"author":1,"featured_media":0,"comment_status":"closed","ping_status":"closed","sticky":false,"template":"","format":"standard","meta":{"footnotes":""},"categories":[3],"tags":[],"class_list":["post-15","post","type-post","status-publish","format-standard","hentry","category-hommage"],"_links":{"self":[{"href":"https:\/\/espace-web.info\/colasphoto\/wp-json\/wp\/v2\/posts\/15","targetHints":{"allow":["GET"]}}],"collection":[{"href":"https:\/\/espace-web.info\/colasphoto\/wp-json\/wp\/v2\/posts"}],"about":[{"href":"https:\/\/espace-web.info\/colasphoto\/wp-json\/wp\/v2\/types\/post"}],"author":[{"embeddable":true,"href":"https:\/\/espace-web.info\/colasphoto\/wp-json\/wp\/v2\/users\/1"}],"replies":[{"embeddable":true,"href":"https:\/\/espace-web.info\/colasphoto\/wp-json\/wp\/v2\/comments?post=15"}],"version-history":[{"count":15,"href":"https:\/\/espace-web.info\/colasphoto\/wp-json\/wp\/v2\/posts\/15\/revisions"}],"predecessor-version":[{"id":530,"href":"https:\/\/espace-web.info\/colasphoto\/wp-json\/wp\/v2\/posts\/15\/revisions\/530"}],"wp:attachment":[{"href":"https:\/\/espace-web.info\/colasphoto\/wp-json\/wp\/v2\/media?parent=15"}],"wp:term":[{"taxonomy":"category","embeddable":true,"href":"https:\/\/espace-web.info\/colasphoto\/wp-json\/wp\/v2\/categories?post=15"},{"taxonomy":"post_tag","embeddable":true,"href":"https:\/\/espace-web.info\/colasphoto\/wp-json\/wp\/v2\/tags?post=15"}],"curies":[{"name":"wp","href":"https:\/\/api.w.org\/{rel}","templated":true}]}}